{"id":4148,"date":"2022-10-09T10:40:59","date_gmt":"2022-10-09T08:40:59","guid":{"rendered":"https:\/\/www.ensutec.de\/?p=4148"},"modified":"2023-02-01T11:43:13","modified_gmt":"2023-02-01T10:43:13","slug":"ensutec-at-the-painters-day","status":"publish","type":"post","link":"https:\/\/www.ensutec.de\/en\/ensutec-beim-lackierertag\/","title":{"rendered":"ensutec at the painters\u2019 day: It was a really great thing!"},"content":{"rendered":"<div class=\"wp-block-image\">\n<figure class=\"aligncenter size-full is-resized\"><a href=\"https:\/\/www.ensutec.de\/wp-content\/uploads\/2022\/10\/20221009-Lackierertag-fb.jpg\"><img decoding=\"async\" src=\"https:\/\/www.ensutec.de\/wp-content\/uploads\/2022\/10\/20221009-Lackierertag-fb.jpg\" alt=\"\" class=\"wp-image-4201\" width=\"640\" srcset=\"https:\/\/www.ensutec.de\/wp-content\/uploads\/2022\/10\/20221009-Lackierertag-fb.jpg 800w, https:\/\/www.ensutec.de\/wp-content\/uploads\/2022\/10\/20221009-Lackierertag-fb-300x201.jpg 300w, https:\/\/www.ensutec.de\/wp-content\/uploads\/2022\/10\/20221009-Lackierertag-fb-768x515.jpg 768w\" sizes=\"(max-width: 800px) 100vw, 800px\" \/><\/a><figcaption class=\"wp-element-caption\">ensutec Managing Director Thomas Mayer with Gehrt Innovation Managing Director Volker Gehrt and Benjamin Sch\u00f6nau (Gehrt Innovation employee).<\/figcaption><\/figure>\n<\/div>\n\n\n<p>The German Painters&#039; Day in Petersberg, Thuringia, has come to an end. With well over 50 exhibitors, every important topic in the industry was represented. The program included hot topics such as the influence of modern vehicle technologies on repairs and damage settlement, the role of calculation data, dealing with electromobility or the use of artificial intelligence in damage assessments...<\/p>\n\n\n\n<p>ensutec Products GmbH was there and would like to take this opportunity to thank the great hosts of the company <a href=\"https:\/\/www.gehrt-innovation.de\/\" target=\"_blank\" rel=\"noreferrer noopener\">Gehrt Innovation<\/a> Mandy and Volker Gehrt and their team ensured eventful, exciting and informative days.<\/p>\n\n\n\n<p>In addition to the interesting specialist presentations, the exchange within the paint and bodywork industry after the Corona break was of course a really great thing. And not to forget the special highlight of the trade fair: the visit of the two-time rally world champion Walter R\u00f6hrl and his co-driver Christian Geistd\u00f6rfer.<\/p>\n\n\n\n<p>Our thanks also go to all visitors who came to our <a href=\"https:\/\/www.ensutec.de\/en\/airmatic-dedusting-optimization\/\">airmatic atomization optimization<\/a> interested: The efficient use of materials and energy remains, as was again made clear at the German Painters&#039; Day, the major and central theme of the industry, and ensutec Products GmbH can offer exactly the much sought-after solution with its innovative airmatic devices.<\/p>\n\n\n\n<div class=\"wp-block-group\"><div class=\"wp-block-group__inner-container is-layout-flow wp-block-group-is-layout-flow\">\n<div class=\"wp-block-columns is-layout-flex wp-container-core-columns-is-layout-9d6595d7 wp-block-columns-is-layout-flex\">\n<div class=\"wp-block-column is-vertically-aligned-center is-layout-flow wp-block-column-is-layout-flow\"><style type=\"text\/css\">\n#foogallery-gallery-4193 .fg-image { width: 150px; }\n#foogallery-gallery-4193 { --fg-gutter: 10px; }<\/style>\n\t\t\t<div class=\"foogallery foogallery-container foogallery-default foogallery-lightbox-foobox fg-center fg-default fg-ready fg-light fg-border-thin fg-shadow-outline fg-loading-bars fg-loaded-fade-in fg-caption-hover fg-hover-fade fg-hover-zoom\" id=\"foogallery-gallery-4193\" data-foogallery=\"{&quot;item&quot;:{&quot;showCaptionTitle&quot;:true,&quot;showCaptionDescription&quot;:true},&quot;lazy&quot;:true}\" style=\"--fg-title-line-clamp: 0; --fg-description-line-clamp: 0;\" >\n\t<div class=\"fg-item fg-type-image fg-idle\"><figure class=\"fg-item-inner\"><a href=\"https:\/\/www.ensutec.de\/wp-content\/uploads\/2022\/10\/20221009-airmatic.jpg\" data-caption-title=\"ensutec-Gesch\u00e4ftsf\u00fchrer Thomas Mayer mit Gehrt Innovation-Gesch\u00e4ftsf\u00fchrer Volker Gehrt und Benjamin Sch\u00f6nau (Mitarbeiter Gehrt Innovation).\" data-attachment-id=\"4162\" data-e-disable-page-transition=\"true\" data-type=\"image\" class=\"fg-thumb\"><span class=\"fg-image-wrap\"><img decoding=\"async\" title=\"ensutec Managing Director Thomas Mayer with Gehrt Innovation Managing Director Volker Gehrt and Benjamin Sch\u00f6nau (Gehrt Innovation employee).\" width=\"150\" height=\"150\" class=\"skip-lazy fg-image\" data-src-fg=\"https:\/\/www.ensutec.de\/wp-content\/uploads\/cache\/2022\/10\/20221009-airmatic\/410925789.jpg\" src=\"data:image\/svg+xml,%3Csvg%20xmlns%3D%22http%3A%2F%2Fwww.w3.org%2F2000%2Fsvg%22%20width%3D%22150%22%20height%3D%22150%22%20viewBox%3D%220%200%20150%20150%22%3E%3C%2Fsvg%3E\" loading=\"eager\"><\/span><span class=\"fg-image-overlay\"><\/span><\/a><figcaption class=\"fg-caption\"><div class=\"fg-caption-inner\"><div class=\"fg-caption-title\">ensutec Managing Director Thomas Mayer with Gehrt Innovation Managing Director Volker Gehrt and Benjamin Sch\u00f6nau (Gehrt Innovation employee).<\/div><\/div><\/figcaption><\/figure><div class=\"fg-loader\"><\/div><\/div><div class=\"fg-item fg-type-image fg-idle\"><figure class=\"fg-item-inner\"><a href=\"https:\/\/www.ensutec.de\/wp-content\/uploads\/2022\/10\/20221009-Diskussion.jpg\" data-caption-title=\"Hubert Hess von Durst Lackieranlagen,Benjamin Sch\u00f6nau von Gehrt Innovation und Ingo Heyde von ensutec Products.\" data-attachment-id=\"4165\" data-e-disable-page-transition=\"true\" data-type=\"image\" class=\"fg-thumb\"><span class=\"fg-image-wrap\"><img decoding=\"async\" title=\"Hubert Hess from Durst Lackieranlagen, Benjamin Sch\u00f6nau from Gehrt Innovation and Ingo Heyde from ensutec Products.\" width=\"150\" height=\"150\" class=\"skip-lazy fg-image\" data-src-fg=\"https:\/\/www.ensutec.de\/wp-content\/uploads\/cache\/2022\/10\/20221009-Diskussion\/3130467815.jpg\" src=\"data:image\/svg+xml,%3Csvg%20xmlns%3D%22http%3A%2F%2Fwww.w3.org%2F2000%2Fsvg%22%20width%3D%22150%22%20height%3D%22150%22%20viewBox%3D%220%200%20150%20150%22%3E%3C%2Fsvg%3E\" loading=\"eager\"><\/span><span class=\"fg-image-overlay\"><\/span><\/a><figcaption class=\"fg-caption\"><div class=\"fg-caption-inner\"><div class=\"fg-caption-title\">Hubert Hess from Durst Lackieranlagen, Benjamin Sch\u00f6nau from Gehrt Innovation and Ingo Heyde from ensutec Products.<\/div><\/div><\/figcaption><\/figure><div class=\"fg-loader\"><\/div><\/div><div class=\"fg-item fg-type-image fg-idle\"><figure class=\"fg-item-inner\"><a href=\"https:\/\/www.ensutec.de\/wp-content\/uploads\/2022\/10\/20221009-silver-car.jpg\" data-attachment-id=\"4168\" data-e-disable-page-transition=\"true\" data-type=\"image\" class=\"fg-thumb\"><span class=\"fg-image-wrap\"><img decoding=\"async\" width=\"150\" height=\"150\" class=\"skip-lazy fg-image\" data-src-fg=\"https:\/\/www.ensutec.de\/wp-content\/uploads\/cache\/2022\/10\/20221009-silver-car\/3234738703.jpg\" src=\"data:image\/svg+xml,%3Csvg%20xmlns%3D%22http%3A%2F%2Fwww.w3.org%2F2000%2Fsvg%22%20width%3D%22150%22%20height%3D%22150%22%20viewBox%3D%220%200%20150%20150%22%3E%3C%2Fsvg%3E\" loading=\"eager\"><\/span><span class=\"fg-image-overlay\"><\/span><\/a><\/figure><div class=\"fg-loader\"><\/div><\/div><div class=\"fg-item fg-type-image fg-idle\"><figure class=\"fg-item-inner\"><a href=\"https:\/\/www.ensutec.de\/wp-content\/uploads\/2022\/10\/20221009-stand.jpg\" data-caption-title=\"Stand der ensutec Products GmbH beim Deutschen Lackierertag.\" data-attachment-id=\"4169\" data-e-disable-page-transition=\"true\" data-type=\"image\" class=\"fg-thumb\"><span class=\"fg-image-wrap\"><img decoding=\"async\" title=\"Stand of ensutec Products GmbH at the German Painters\u2019 Day.\" width=\"150\" height=\"150\" class=\"skip-lazy fg-image\" data-src-fg=\"https:\/\/www.ensutec.de\/wp-content\/uploads\/cache\/2022\/10\/20221009-stand\/3401236484.jpg\" src=\"data:image\/svg+xml,%3Csvg%20xmlns%3D%22http%3A%2F%2Fwww.w3.org%2F2000%2Fsvg%22%20width%3D%22150%22%20height%3D%22150%22%20viewBox%3D%220%200%20150%20150%22%3E%3C%2Fsvg%3E\" loading=\"eager\"><\/span><span class=\"fg-image-overlay\"><\/span><\/a><figcaption class=\"fg-caption\"><div class=\"fg-caption-inner\"><div class=\"fg-caption-title\">Stand of ensutec Products GmbH at the German Painters\u2019 Day.<\/div><\/div><\/figcaption><\/figure><div class=\"fg-loader\"><\/div><\/div><div class=\"fg-item fg-type-image fg-idle\"><figure class=\"fg-item-inner\"><a href=\"https:\/\/www.ensutec.de\/wp-content\/uploads\/2022\/10\/20221009-ro\u0308hrl.jpg\" data-caption-title=\"Die Rallyelegenden Walter R\u00f6hrl (l.) und Christian Geistd\u00f6rfer mit Stefanie Keibach von ensutec Products.\" data-attachment-id=\"4167\" data-e-disable-page-transition=\"true\" data-type=\"image\" class=\"fg-thumb\"><span class=\"fg-image-wrap\"><img decoding=\"async\" title=\"The rally legends Walter R\u00f6hrl (l.) and Christian Geistd\u00f6rfer with Stefanie Keibach from ensutec Products.\" width=\"150\" height=\"150\" class=\"skip-lazy fg-image\" data-src-fg=\"https:\/\/www.ensutec.de\/wp-content\/uploads\/cache\/2022\/10\/20221009-ro\u0308hrl\/2313793241.jpg\" src=\"data:image\/svg+xml,%3Csvg%20xmlns%3D%22http%3A%2F%2Fwww.w3.org%2F2000%2Fsvg%22%20width%3D%22150%22%20height%3D%22150%22%20viewBox%3D%220%200%20150%20150%22%3E%3C%2Fsvg%3E\" loading=\"eager\"><\/span><span class=\"fg-image-overlay\"><\/span><\/a><figcaption class=\"fg-caption\"><div class=\"fg-caption-inner\"><div class=\"fg-caption-title\">The rally legends Walter R\u00f6hrl (l.) and Christian Geistd\u00f6rfer with Stefanie Keibach from ensutec Products.<\/div><\/div><\/figcaption><\/figure><div class=\"fg-loader\"><\/div><\/div><div class=\"fg-item fg-type-image fg-idle\"><figure class=\"fg-item-inner\"><a href=\"https:\/\/www.ensutec.de\/wp-content\/uploads\/2022\/10\/20221009-red-car.jpg\" data-attachment-id=\"4166\" data-e-disable-page-transition=\"true\" data-type=\"image\" class=\"fg-thumb\"><span class=\"fg-image-wrap\"><img decoding=\"async\" width=\"150\" height=\"150\" class=\"skip-lazy fg-image\" data-src-fg=\"https:\/\/www.ensutec.de\/wp-content\/uploads\/cache\/2022\/10\/20221009-red-car\/2729601054.jpg\" src=\"data:image\/svg+xml,%3Csvg%20xmlns%3D%22http%3A%2F%2Fwww.w3.org%2F2000%2Fsvg%22%20width%3D%22150%22%20height%3D%22150%22%20viewBox%3D%220%200%20150%20150%22%3E%3C%2Fsvg%3E\" loading=\"eager\"><\/span><span class=\"fg-image-overlay\"><\/span><\/a><\/figure><div class=\"fg-loader\"><\/div><\/div><div class=\"fg-item fg-type-image fg-idle\"><figure class=\"fg-item-inner\"><a href=\"https:\/\/www.ensutec.de\/wp-content\/uploads\/2022\/10\/20221009-am-stand.jpg\" data-caption-title=\"Benjamin Sch\u00f6nau und Elisabeth Priese von Gehrt Innovation mit Ingo Heyde von ensutec Products.\" data-attachment-id=\"4163\" data-e-disable-page-transition=\"true\" data-type=\"image\" class=\"fg-thumb\"><span class=\"fg-image-wrap\"><img decoding=\"async\" title=\"Benjamin Sch\u00f6nau and Elisabeth Priese from Gehrt Innovation with Ingo Heyde from ensutec Products.\" width=\"150\" height=\"150\" class=\"skip-lazy fg-image\" data-src-fg=\"https:\/\/www.ensutec.de\/wp-content\/uploads\/cache\/2022\/10\/20221009-am-stand\/1332192016.jpg\" src=\"data:image\/svg+xml,%3Csvg%20xmlns%3D%22http%3A%2F%2Fwww.w3.org%2F2000%2Fsvg%22%20width%3D%22150%22%20height%3D%22150%22%20viewBox%3D%220%200%20150%20150%22%3E%3C%2Fsvg%3E\" loading=\"eager\"><\/span><span class=\"fg-image-overlay\"><\/span><\/a><figcaption class=\"fg-caption\"><div class=\"fg-caption-inner\"><div class=\"fg-caption-title\">Benjamin Sch\u00f6nau and Elisabeth Priese from Gehrt Innovation with Ingo Heyde from ensutec Products.<\/div><\/div><\/figcaption><\/figure><div class=\"fg-loader\"><\/div><\/div><div class=\"fg-item fg-type-image fg-idle\"><figure class=\"fg-item-inner\"><a href=\"https:\/\/www.ensutec.de\/wp-content\/uploads\/2022\/10\/20221009-Vortrag.jpg\" data-attachment-id=\"4170\" data-e-disable-page-transition=\"true\" data-type=\"image\" class=\"fg-thumb\"><span class=\"fg-image-wrap\"><img decoding=\"async\" width=\"150\" height=\"150\" class=\"skip-lazy fg-image\" data-src-fg=\"https:\/\/www.ensutec.de\/wp-content\/uploads\/cache\/2022\/10\/20221009-Vortrag\/3003247723.jpg\" src=\"data:image\/svg+xml,%3Csvg%20xmlns%3D%22http%3A%2F%2Fwww.w3.org%2F2000%2Fsvg%22%20width%3D%22150%22%20height%3D%22150%22%20viewBox%3D%220%200%20150%20150%22%3E%3C%2Fsvg%3E\" loading=\"eager\"><\/span><span class=\"fg-image-overlay\"><\/span><\/a><\/figure><div class=\"fg-loader\"><\/div><\/div><div class=\"fg-item fg-type-image fg-idle\"><figure class=\"fg-item-inner\"><a href=\"https:\/\/www.ensutec.de\/wp-content\/uploads\/2022\/10\/20221009-Besucher.jpg\" data-caption-title=\"Ingo Heyde (ensutec Products) mit Hubert Hess von Durst Lackieranlagen und Joachim Vogel von der Autolackiererei Vogel.\" data-attachment-id=\"4164\" data-e-disable-page-transition=\"true\" data-type=\"image\" class=\"fg-thumb\"><span class=\"fg-image-wrap\"><img decoding=\"async\" title=\"Ingo Heyde (ensutec Products) with Hubert Hess from Durst Lackieranlagen and Joachim Vogel from Autolackiererei Vogel.\" width=\"150\" height=\"150\" class=\"skip-lazy fg-image\" data-src-fg=\"https:\/\/www.ensutec.de\/wp-content\/uploads\/cache\/2022\/10\/20221009-Besucher\/513967691.jpg\" src=\"data:image\/svg+xml,%3Csvg%20xmlns%3D%22http%3A%2F%2Fwww.w3.org%2F2000%2Fsvg%22%20width%3D%22150%22%20height%3D%22150%22%20viewBox%3D%220%200%20150%20150%22%3E%3C%2Fsvg%3E\" loading=\"eager\"><\/span><span class=\"fg-image-overlay\"><\/span><\/a><figcaption class=\"fg-caption\"><div class=\"fg-caption-inner\"><div class=\"fg-caption-title\">Ingo Heyde (ensutec Products) with Hubert Hess from Durst Lackieranlagen and Joachim Vogel from Autolackiererei Vogel.<\/div><\/div><\/figcaption><\/figure><div class=\"fg-loader\"><\/div><\/div><\/div>\n<\/div>\n<\/div>\n<\/div><\/div>","protected":false},"excerpt":{"rendered":"<p>The German Painters&#039; Day in Petersberg has come to an end - we look back with great satisfaction. There was a lot of new information, stimulating conversations and very pleasant encounters. <\/p>","protected":false},"author":1,"featured_media":4201,"comment_status":"closed","ping_status":"closed","sticky":false,"template":"","format":"standard","meta":{"neve_meta_sidebar":"","neve_meta_container":"","neve_meta_enable_content_width":"","neve_meta_content_width":0,"neve_meta_title_alignment":"","neve_meta_author_avatar":"","neve_post_elements_order":"[\"title\",\"meta\",\"content\"]","neve_meta_disable_header":"","neve_meta_disable_footer":"","neve_meta_disable_title":"","neve_meta_reading_time":"","_themeisle_gutenberg_block_has_review":false,"footnotes":""},"categories":[1],"tags":[],"class_list":["post-4148","post","type-post","status-publish","format-standard","has-post-thumbnail","hentry","category-allgemein"],"_links":{"self":[{"href":"https:\/\/www.ensutec.de\/en\/wp-json\/wp\/v2\/posts\/4148","targetHints":{"allow":["GET"]}}],"collection":[{"href":"https:\/\/www.ensutec.de\/en\/wp-json\/wp\/v2\/posts"}],"about":[{"href":"https:\/\/www.ensutec.de\/en\/wp-json\/wp\/v2\/types\/post"}],"author":[{"embeddable":true,"href":"https:\/\/www.ensutec.de\/en\/wp-json\/wp\/v2\/users\/1"}],"replies":[{"embeddable":true,"href":"https:\/\/www.ensutec.de\/en\/wp-json\/wp\/v2\/comments?post=4148"}],"version-history":[{"count":0,"href":"https:\/\/www.ensutec.de\/en\/wp-json\/wp\/v2\/posts\/4148\/revisions"}],"wp:featuredmedia":[{"embeddable":true,"href":"https:\/\/www.ensutec.de\/en\/wp-json\/wp\/v2\/media\/4201"}],"wp:attachment":[{"href":"https:\/\/www.ensutec.de\/en\/wp-json\/wp\/v2\/media?parent=4148"}],"wp:term":[{"taxonomy":"category","embeddable":true,"href":"https:\/\/www.ensutec.de\/en\/wp-json\/wp\/v2\/categories?post=4148"},{"taxonomy":"post_tag","embeddable":true,"href":"https:\/\/www.ensutec.de\/en\/wp-json\/wp\/v2\/tags?post=4148"}],"curies":[{"name":"wp","href":"https:\/\/api.w.org\/{rel}","templated":true}]}}